{"id":3428,"date":"2024-10-01T18:45:29","date_gmt":"2024-10-01T16:45:29","guid":{"rendered":"https:\/\/invictus-travel.com\/site\/?p=3428"},"modified":"2024-10-01T18:45:29","modified_gmt":"2024-10-01T16:45:29","slug":"convention-annuelle-a-palma-de-majorque","status":"publish","type":"post","link":"https:\/\/invictus-travel.com\/site\/convention-annuelle-a-palma-de-majorque\/","title":{"rendered":"Convention annuelle \u00e0 Palma de Majorque"},"content":{"rendered":"<p>[et_pb_section fb_built=\u00a0\u00bb1&Prime; custom_padding_last_edited=\u00a0\u00bbon|desktop\u00a0\u00bb admin_label=\u00a0\u00bbsection\u00a0\u00bb _builder_version=\u00a0\u00bb4.16&Prime; background_color=\u00a0\u00bb#ffffff\u00a0\u00bb custom_padding=\u00a0\u00bb0px||30px|\u00a0\u00bb custom_padding_tablet=\u00a0\u00bb50px|0|50px|0&Prime; custom_padding_phone=\u00a0\u00bb\u00a0\u00bb transparent_background=\u00a0\u00bboff\u00a0\u00bb padding_mobile=\u00a0\u00bboff\u00a0\u00bb make_fullwidth=\u00a0\u00bboff\u00a0\u00bb use_custom_width=\u00a0\u00bboff\u00a0\u00bb width_unit=\u00a0\u00bbon\u00a0\u00bb global_colors_info=\u00a0\u00bb{}\u00a0\u00bb][et_pb_row column_padding_mobile=\u00a0\u00bbon\u00a0\u00bb custom_padding_last_edited=\u00a0\u00bbon|phone\u00a0\u00bb admin_label=\u00a0\u00bbrow\u00a0\u00bb _builder_version=\u00a0\u00bb4.16&Prime; background_size=\u00a0\u00bbinitial\u00a0\u00bb background_position=\u00a0\u00bbtop_left\u00a0\u00bb background_repeat=\u00a0\u00bbrepeat\u00a0\u00bb custom_padding=\u00a0\u00bb10px||0px||false|false\u00a0\u00bb custom_padding_tablet=\u00a0\u00bb\u00a0\u00bb custom_padding_phone=\u00a0\u00bb10px||||false|false\u00a0\u00bb make_fullwidth=\u00a0\u00bboff\u00a0\u00bb use_custom_width=\u00a0\u00bboff\u00a0\u00bb width_unit=\u00a0\u00bbon\u00a0\u00bb global_colors_info=\u00a0\u00bb{}\u00a0\u00bb][et_pb_column type=\u00a0\u00bb4_4&Prime; _builder_version=\u00a0\u00bb4.16&Prime; custom_padding=\u00a0\u00bb|||\u00a0\u00bb global_colors_info=\u00a0\u00bb{}\u00a0\u00bb custom_padding__hover=\u00a0\u00bb|||\u00a0\u00bb][et_pb_text admin_label=\u00a0\u00bbTexte\u00a0\u00bb _builder_version=\u00a0\u00bb4.25.0&Prime; background_size=\u00a0\u00bbinitial\u00a0\u00bb background_position=\u00a0\u00bbtop_left\u00a0\u00bb background_repeat=\u00a0\u00bbrepeat\u00a0\u00bb text_orientation=\u00a0\u00bbjustified\u00a0\u00bb custom_margin=\u00a0\u00bb||40px|\u00a0\u00bb use_border_color=\u00a0\u00bboff\u00a0\u00bb border_color=\u00a0\u00bb#ffffff\u00a0\u00bb border_style=\u00a0\u00bbsolid\u00a0\u00bb global_colors_info=\u00a0\u00bb{}\u00a0\u00bb]<\/p>\n<h2 style=\"text-align: center;\">Convention annuelle \u00e0 Palma de Majorque 2024<\/h2>\n<p>[\/et_pb_text][\/et_pb_column][\/et_pb_row][et_pb_row column_structure=\u00a0\u00bb1_2,1_2&Prime; padding_mobile=\u00a0\u00bboff\u00a0\u00bb column_padding_mobile=\u00a0\u00bbon\u00a0\u00bb custom_padding_last_edited=\u00a0\u00bbon|phone\u00a0\u00bb admin_label=\u00a0\u00bbrow\u00a0\u00bb _builder_version=\u00a0\u00bb4.16&Prime; background_size=\u00a0\u00bbinitial\u00a0\u00bb background_position=\u00a0\u00bbtop_left\u00a0\u00bb background_repeat=\u00a0\u00bbrepeat\u00a0\u00bb custom_padding=\u00a0\u00bb0px||0px|\u00a0\u00bb custom_padding_tablet=\u00a0\u00bb\u00a0\u00bb custom_padding_phone=\u00a0\u00bb\u00a0\u00bb make_fullwidth=\u00a0\u00bboff\u00a0\u00bb use_custom_width=\u00a0\u00bboff\u00a0\u00bb width_unit=\u00a0\u00bbon\u00a0\u00bb global_colors_info=\u00a0\u00bb{}\u00a0\u00bb][et_pb_column type=\u00a0\u00bb1_2&Prime; _builder_version=\u00a0\u00bb4.16&Prime; custom_padding=\u00a0\u00bb|||\u00a0\u00bb global_colors_info=\u00a0\u00bb{}\u00a0\u00bb custom_padding__hover=\u00a0\u00bb|||\u00a0\u00bb][et_pb_text admin_label=\u00a0\u00bbTexte\u00a0\u00bb _builder_version=\u00a0\u00bb4.25.0&Prime; background_size=\u00a0\u00bbinitial\u00a0\u00bb background_position=\u00a0\u00bbtop_left\u00a0\u00bb background_repeat=\u00a0\u00bbrepeat\u00a0\u00bb text_orientation=\u00a0\u00bbjustified\u00a0\u00bb use_border_color=\u00a0\u00bboff\u00a0\u00bb border_color=\u00a0\u00bb#ffffff\u00a0\u00bb border_style=\u00a0\u00bbsolid\u00a0\u00bb global_colors_info=\u00a0\u00bb{}\u00a0\u00bb]<\/p>\n<p>Matin\u00e9e en r\u00e9union pour les participants. Visite dans la r\u00e9gion de Valldemossa, de la Chartreuse Royale, un ancien monast\u00e8re espagnol pour les accompagnants (site class\u00e9e \u00e0 l\u2019UNESCO), puis d\u00e9jeuner au restaurant Cellar Sa avec d\u00e9gustation d\u2019une paella.<\/p>\n<p>Apr\u00e8s-midi sportive \u00e0 la d\u00e9couverte de la ville de Palma de Majorque en \u00e9quipe lors d\u2019un rallye tablette, d\u00eener au Can Eduardo. Journ\u00e9e croisi\u00e8re en catamaran avec d\u00e9jeuner barbecue et transfert vers la c\u00e9l\u00e8bre plage Illetas aux eaux turquoise, pour une soir\u00e9e dansante au Beach Club Illetas<\/p>\n<p>[\/et_pb_text][\/et_pb_column][et_pb_column type=\u00a0\u00bb1_2&Prime; _builder_version=\u00a0\u00bb4.16&Prime; custom_padding=\u00a0\u00bb|||\u00a0\u00bb global_colors_info=\u00a0\u00bb{}\u00a0\u00bb custom_padding__hover=\u00a0\u00bb|||\u00a0\u00bb][et_pb_text admin_label=\u00a0\u00bbTexte\u00a0\u00bb _builder_version=\u00a0\u00bb4.25.0&Prime; background_size=\u00a0\u00bbinitial\u00a0\u00bb background_position=\u00a0\u00bbtop_left\u00a0\u00bb background_repeat=\u00a0\u00bbrepeat\u00a0\u00bb use_border_color=\u00a0\u00bboff\u00a0\u00bb border_color=\u00a0\u00bb#ffffff\u00a0\u00bb border_style=\u00a0\u00bbsolid\u00a0\u00bb global_colors_info=\u00a0\u00bb{}\u00a0\u00bb]<\/p>\n<ul>\n<li>Date : 9 au 12 mai 2024 <\/li>\n<li>Lieu : Palma de Majorque<\/li>\n<li>Client : Sp\u00e9cialiste menuiseries et cuisines<\/li>\n<li>Format : R\u00e9union, visite et activit\u00e9 team building \u2013 82 personnes<\/li>\n<li>H\u00e9bergement \u00e0 l\u2019h\u00f4tel Saratoga <\/li>\n<\/ul>\n<p>[\/et_pb_text][\/et_pb_column][\/et_pb_row][et_pb_row column_structure=\u00a0\u00bb1_2,1_2&Prime; use_custom_gutter=\u00a0\u00bbon\u00a0\u00bb gutter_width=\u00a0\u00bb2&Prime; padding_mobile=\u00a0\u00bboff\u00a0\u00bb column_padding_mobile=\u00a0\u00bbon\u00a0\u00bb admin_label=\u00a0\u00bbLigne\u00a0\u00bb _builder_version=\u00a0\u00bb4.16&Prime; background_size=\u00a0\u00bbinitial\u00a0\u00bb background_position=\u00a0\u00bbtop_left\u00a0\u00bb background_repeat=\u00a0\u00bbrepeat\u00a0\u00bb make_fullwidth=\u00a0\u00bboff\u00a0\u00bb use_custom_width=\u00a0\u00bboff\u00a0\u00bb width_unit=\u00a0\u00bbon\u00a0\u00bb global_colors_info=\u00a0\u00bb{}\u00a0\u00bb][et_pb_column type=\u00a0\u00bb1_2&Prime; _builder_version=\u00a0\u00bb4.16&Prime; custom_padding=\u00a0\u00bb|||\u00a0\u00bb global_colors_info=\u00a0\u00bb{}\u00a0\u00bb custom_padding__hover=\u00a0\u00bb|||\u00a0\u00bb][et_pb_image src=\u00a0\u00bbhttps:\/\/invictus-travel.com\/site\/wp-content\/uploads\/2024\/10\/2.jpg\u00a0\u00bb _builder_version=\u00a0\u00bb4.25.0&Prime; _module_preset=\u00a0\u00bbdefault\u00a0\u00bb global_colors_info=\u00a0\u00bb{}\u00a0\u00bb][\/et_pb_image][et_pb_image src=\u00a0\u00bbhttps:\/\/invictus-travel.com\/site\/wp-content\/uploads\/2024\/10\/1.jpg\u00a0\u00bb _builder_version=\u00a0\u00bb4.25.0&Prime; _module_preset=\u00a0\u00bbdefault\u00a0\u00bb global_colors_info=\u00a0\u00bb{}\u00a0\u00bb][\/et_pb_image][et_pb_image src=\u00a0\u00bbhttps:\/\/invictus-travel.com\/site\/wp-content\/uploads\/2024\/10\/5.jpg\u00a0\u00bb _builder_version=\u00a0\u00bb4.25.0&Prime; _module_preset=\u00a0\u00bbdefault\u00a0\u00bb global_colors_info=\u00a0\u00bb{}\u00a0\u00bb][\/et_pb_image][\/et_pb_column][et_pb_column type=\u00a0\u00bb1_2&Prime; _builder_version=\u00a0\u00bb4.16&Prime; custom_padding=\u00a0\u00bb|||\u00a0\u00bb global_colors_info=\u00a0\u00bb{}\u00a0\u00bb custom_padding__hover=\u00a0\u00bb|||\u00a0\u00bb][et_pb_image src=\u00a0\u00bbhttps:\/\/invictus-travel.com\/site\/wp-content\/uploads\/2024\/10\/3.jpg\u00a0\u00bb _builder_version=\u00a0\u00bb4.25.0&Prime; _module_preset=\u00a0\u00bbdefault\u00a0\u00bb global_colors_info=\u00a0\u00bb{}\u00a0\u00bb][\/et_pb_image][et_pb_image src=\u00a0\u00bbhttps:\/\/invictus-travel.com\/site\/wp-content\/uploads\/2024\/10\/4.jpg\u00a0\u00bb _builder_version=\u00a0\u00bb4.25.0&Prime; _module_preset=\u00a0\u00bbdefault\u00a0\u00bb global_colors_info=\u00a0\u00bb{}\u00a0\u00bb][\/et_pb_image][et_pb_image src=\u00a0\u00bbhttps:\/\/invictus-travel.com\/site\/wp-content\/uploads\/2024\/10\/6.jpg\u00a0\u00bb _builder_version=\u00a0\u00bb4.25.0&Prime; _module_preset=\u00a0\u00bbdefault\u00a0\u00bb global_colors_info=\u00a0\u00bb{}\u00a0\u00bb][\/et_pb_image][\/et_pb_column][\/et_pb_row][\/et_pb_section]<\/p>\n","protected":false},"excerpt":{"rendered":"<p>Convention annuelle \u00e0 Palma de Majorque 2024Matin\u00e9e en r\u00e9union pour les participants. Visite dans la r\u00e9gion de Valldemossa, de la Chartreuse Royale, un ancien monast\u00e8re espagnol pour les accompagnants (site class\u00e9e \u00e0 l\u2019UNESCO), puis d\u00e9jeuner au restaurant Cellar Sa avec d\u00e9gustation d\u2019une paella. Apr\u00e8s-midi sportive \u00e0 la d\u00e9couverte de la ville de Palma de Majorque [&hellip;]<\/p>\n","protected":false},"author":2,"featured_media":3432,"comment_status":"closed","ping_status":"closed","sticky":false,"template":"","format":"standard","meta":{"_et_pb_use_builder":"on","_et_pb_old_content":"","_et_gb_content_width":"","footnotes":""},"categories":[32],"tags":[],"class_list":["post-3428","post","type-post","status-publish","format-standard","has-post-thumbnail","hentry","category-reference"],"yoast_head":"<!-- This site is optimized with the Yoast SEO plugin v27.4 - https:\/\/yoast.com\/product\/yoast-seo-wordpress\/ -->\n<title>Convention annuelle \u00e0 Palma de Majorque - Invictus Corporate Travel - Voyages incentive<\/title>\n<meta name=\"robots\" content=\"index, follow, max-snippet:-1, max-image-preview:large, max-video-preview:-1\" \/>\n<link rel=\"canonical\" href=\"https:\/\/invictus-travel.com\/site\/convention-annuelle-a-palma-de-majorque\/\" \/>\n<meta property=\"og:locale\" content=\"fr_FR\" \/>\n<meta property=\"og:type\" content=\"article\" \/>\n<meta property=\"og:title\" content=\"Convention annuelle \u00e0 Palma de Majorque - Invictus Corporate Travel - Voyages incentive\" \/>\n<meta property=\"og:description\" content=\"Convention annuelle \u00e0 Palma de Majorque 2024Matin\u00e9e en r\u00e9union pour les participants. Visite dans la r\u00e9gion de Valldemossa, de la Chartreuse Royale, un ancien monast\u00e8re espagnol pour les accompagnants (site class\u00e9e \u00e0 l\u2019UNESCO), puis d\u00e9jeuner au restaurant Cellar Sa avec d\u00e9gustation d\u2019une paella. Apr\u00e8s-midi sportive \u00e0 la d\u00e9couverte de la ville de Palma de Majorque [&hellip;]\" \/>\n<meta property=\"og:url\" content=\"https:\/\/invictus-travel.com\/site\/convention-annuelle-a-palma-de-majorque\/\" \/>\n<meta property=\"og:site_name\" content=\"Invictus Corporate Travel - Voyages incentive\" \/>\n<meta property=\"article:published_time\" content=\"2024-10-01T16:45:29+00:00\" \/>\n<meta property=\"og:image\" content=\"https:\/\/invictus-travel.com\/site\/wp-content\/uploads\/2024\/10\/2.jpg\" \/>\n\t<meta property=\"og:image:width\" content=\"1000\" \/>\n\t<meta property=\"og:image:height\" content=\"640\" \/>\n\t<meta property=\"og:image:type\" content=\"image\/jpeg\" \/>\n<meta name=\"author\" content=\"KOx97Jes\" \/>\n<meta name=\"twitter:card\" content=\"summary_large_image\" \/>\n<meta name=\"twitter:label1\" content=\"\u00c9crit par\" \/>\n\t<meta name=\"twitter:data1\" content=\"KOx97Jes\" \/>\n\t<meta name=\"twitter:label2\" content=\"Dur\u00e9e de lecture estim\u00e9e\" \/>\n\t<meta name=\"twitter:data2\" content=\"3 minutes\" \/>\n<script type=\"application\/ld+json\" class=\"yoast-schema-graph\">{\"@context\":\"https:\\\/\\\/schema.org\",\"@graph\":[{\"@type\":\"Article\",\"@id\":\"https:\\\/\\\/invictus-travel.com\\\/site\\\/convention-annuelle-a-palma-de-majorque\\\/#article\",\"isPartOf\":{\"@id\":\"https:\\\/\\\/invictus-travel.com\\\/site\\\/convention-annuelle-a-palma-de-majorque\\\/\"},\"author\":{\"name\":\"KOx97Jes\",\"@id\":\"https:\\\/\\\/invictus-travel.com\\\/site\\\/#\\\/schema\\\/person\\\/7f2cfed24210d1347c41efa2c1cdb783\"},\"headline\":\"Convention annuelle \u00e0 Palma de Majorque\",\"datePublished\":\"2024-10-01T16:45:29+00:00\",\"mainEntityOfPage\":{\"@id\":\"https:\\\/\\\/invictus-travel.com\\\/site\\\/convention-annuelle-a-palma-de-majorque\\\/\"},\"wordCount\":687,\"image\":{\"@id\":\"https:\\\/\\\/invictus-travel.com\\\/site\\\/convention-annuelle-a-palma-de-majorque\\\/#primaryimage\"},\"thumbnailUrl\":\"https:\\\/\\\/invictus-travel.com\\\/site\\\/wp-content\\\/uploads\\\/2024\\\/10\\\/2.jpg\",\"articleSection\":[\"R\u00e9f\u00e9rences\"],\"inLanguage\":\"fr-FR\"},{\"@type\":\"WebPage\",\"@id\":\"https:\\\/\\\/invictus-travel.com\\\/site\\\/convention-annuelle-a-palma-de-majorque\\\/\",\"url\":\"https:\\\/\\\/invictus-travel.com\\\/site\\\/convention-annuelle-a-palma-de-majorque\\\/\",\"name\":\"Convention annuelle \u00e0 Palma de Majorque - Invictus Corporate Travel - Voyages incentive\",\"isPartOf\":{\"@id\":\"https:\\\/\\\/invictus-travel.com\\\/site\\\/#website\"},\"primaryImageOfPage\":{\"@id\":\"https:\\\/\\\/invictus-travel.com\\\/site\\\/convention-annuelle-a-palma-de-majorque\\\/#primaryimage\"},\"image\":{\"@id\":\"https:\\\/\\\/invictus-travel.com\\\/site\\\/convention-annuelle-a-palma-de-majorque\\\/#primaryimage\"},\"thumbnailUrl\":\"https:\\\/\\\/invictus-travel.com\\\/site\\\/wp-content\\\/uploads\\\/2024\\\/10\\\/2.jpg\",\"datePublished\":\"2024-10-01T16:45:29+00:00\",\"author\":{\"@id\":\"https:\\\/\\\/invictus-travel.com\\\/site\\\/#\\\/schema\\\/person\\\/7f2cfed24210d1347c41efa2c1cdb783\"},\"breadcrumb\":{\"@id\":\"https:\\\/\\\/invictus-travel.com\\\/site\\\/convention-annuelle-a-palma-de-majorque\\\/#breadcrumb\"},\"inLanguage\":\"fr-FR\",\"potentialAction\":[{\"@type\":\"ReadAction\",\"target\":[\"https:\\\/\\\/invictus-travel.com\\\/site\\\/convention-annuelle-a-palma-de-majorque\\\/\"]}]},{\"@type\":\"ImageObject\",\"inLanguage\":\"fr-FR\",\"@id\":\"https:\\\/\\\/invictus-travel.com\\\/site\\\/convention-annuelle-a-palma-de-majorque\\\/#primaryimage\",\"url\":\"https:\\\/\\\/invictus-travel.com\\\/site\\\/wp-content\\\/uploads\\\/2024\\\/10\\\/2.jpg\",\"contentUrl\":\"https:\\\/\\\/invictus-travel.com\\\/site\\\/wp-content\\\/uploads\\\/2024\\\/10\\\/2.jpg\",\"width\":1000,\"height\":640},{\"@type\":\"BreadcrumbList\",\"@id\":\"https:\\\/\\\/invictus-travel.com\\\/site\\\/convention-annuelle-a-palma-de-majorque\\\/#breadcrumb\",\"itemListElement\":[{\"@type\":\"ListItem\",\"position\":1,\"name\":\"Accueil\",\"item\":\"https:\\\/\\\/invictus-travel.com\\\/site\\\/\"},{\"@type\":\"ListItem\",\"position\":2,\"name\":\"Convention annuelle \u00e0 Palma de Majorque\"}]},{\"@type\":\"WebSite\",\"@id\":\"https:\\\/\\\/invictus-travel.com\\\/site\\\/#website\",\"url\":\"https:\\\/\\\/invictus-travel.com\\\/site\\\/\",\"name\":\"Invictus Corporate Travel - Voyages incentive\",\"description\":\"Des prestations \u00e0 la carte\",\"potentialAction\":[{\"@type\":\"SearchAction\",\"target\":{\"@type\":\"EntryPoint\",\"urlTemplate\":\"https:\\\/\\\/invictus-travel.com\\\/site\\\/?s={search_term_string}\"},\"query-input\":{\"@type\":\"PropertyValueSpecification\",\"valueRequired\":true,\"valueName\":\"search_term_string\"}}],\"inLanguage\":\"fr-FR\"},{\"@type\":\"Person\",\"@id\":\"https:\\\/\\\/invictus-travel.com\\\/site\\\/#\\\/schema\\\/person\\\/7f2cfed24210d1347c41efa2c1cdb783\",\"name\":\"KOx97Jes\",\"image\":{\"@type\":\"ImageObject\",\"inLanguage\":\"fr-FR\",\"@id\":\"https:\\\/\\\/secure.gravatar.com\\\/avatar\\\/9b4cce41d2e9a67227cc474be6b7f1f60ef65b6b3e34002d3015efb7fd925073?s=96&d=mm&r=g\",\"url\":\"https:\\\/\\\/secure.gravatar.com\\\/avatar\\\/9b4cce41d2e9a67227cc474be6b7f1f60ef65b6b3e34002d3015efb7fd925073?s=96&d=mm&r=g\",\"contentUrl\":\"https:\\\/\\\/secure.gravatar.com\\\/avatar\\\/9b4cce41d2e9a67227cc474be6b7f1f60ef65b6b3e34002d3015efb7fd925073?s=96&d=mm&r=g\",\"caption\":\"KOx97Jes\"},\"url\":\"https:\\\/\\\/invictus-travel.com\\\/site\\\/author\\\/kox97jes\\\/\"}]}<\/script>\n<!-- \/ Yoast SEO plugin. -->","yoast_head_json":{"title":"Convention annuelle \u00e0 Palma de Majorque - Invictus Corporate Travel - Voyages incentive","robots":{"index":"index","follow":"follow","max-snippet":"max-snippet:-1","max-image-preview":"max-image-preview:large","max-video-preview":"max-video-preview:-1"},"canonical":"https:\/\/invictus-travel.com\/site\/convention-annuelle-a-palma-de-majorque\/","og_locale":"fr_FR","og_type":"article","og_title":"Convention annuelle \u00e0 Palma de Majorque - Invictus Corporate Travel - Voyages incentive","og_description":"Convention annuelle \u00e0 Palma de Majorque 2024Matin\u00e9e en r\u00e9union pour les participants. Visite dans la r\u00e9gion de Valldemossa, de la Chartreuse Royale, un ancien monast\u00e8re espagnol pour les accompagnants (site class\u00e9e \u00e0 l\u2019UNESCO), puis d\u00e9jeuner au restaurant Cellar Sa avec d\u00e9gustation d\u2019une paella. Apr\u00e8s-midi sportive \u00e0 la d\u00e9couverte de la ville de Palma de Majorque [&hellip;]","og_url":"https:\/\/invictus-travel.com\/site\/convention-annuelle-a-palma-de-majorque\/","og_site_name":"Invictus Corporate Travel - Voyages incentive","article_published_time":"2024-10-01T16:45:29+00:00","og_image":[{"width":1000,"height":640,"url":"https:\/\/invictus-travel.com\/site\/wp-content\/uploads\/2024\/10\/2.jpg","type":"image\/jpeg"}],"author":"KOx97Jes","twitter_card":"summary_large_image","twitter_misc":{"\u00c9crit par":"KOx97Jes","Dur\u00e9e de lecture estim\u00e9e":"3 minutes"},"schema":{"@context":"https:\/\/schema.org","@graph":[{"@type":"Article","@id":"https:\/\/invictus-travel.com\/site\/convention-annuelle-a-palma-de-majorque\/#article","isPartOf":{"@id":"https:\/\/invictus-travel.com\/site\/convention-annuelle-a-palma-de-majorque\/"},"author":{"name":"KOx97Jes","@id":"https:\/\/invictus-travel.com\/site\/#\/schema\/person\/7f2cfed24210d1347c41efa2c1cdb783"},"headline":"Convention annuelle \u00e0 Palma de Majorque","datePublished":"2024-10-01T16:45:29+00:00","mainEntityOfPage":{"@id":"https:\/\/invictus-travel.com\/site\/convention-annuelle-a-palma-de-majorque\/"},"wordCount":687,"image":{"@id":"https:\/\/invictus-travel.com\/site\/convention-annuelle-a-palma-de-majorque\/#primaryimage"},"thumbnailUrl":"https:\/\/invictus-travel.com\/site\/wp-content\/uploads\/2024\/10\/2.jpg","articleSection":["R\u00e9f\u00e9rences"],"inLanguage":"fr-FR"},{"@type":"WebPage","@id":"https:\/\/invictus-travel.com\/site\/convention-annuelle-a-palma-de-majorque\/","url":"https:\/\/invictus-travel.com\/site\/convention-annuelle-a-palma-de-majorque\/","name":"Convention annuelle \u00e0 Palma de Majorque - Invictus Corporate Travel - Voyages incentive","isPartOf":{"@id":"https:\/\/invictus-travel.com\/site\/#website"},"primaryImageOfPage":{"@id":"https:\/\/invictus-travel.com\/site\/convention-annuelle-a-palma-de-majorque\/#primaryimage"},"image":{"@id":"https:\/\/invictus-travel.com\/site\/convention-annuelle-a-palma-de-majorque\/#primaryimage"},"thumbnailUrl":"https:\/\/invictus-travel.com\/site\/wp-content\/uploads\/2024\/10\/2.jpg","datePublished":"2024-10-01T16:45:29+00:00","author":{"@id":"https:\/\/invictus-travel.com\/site\/#\/schema\/person\/7f2cfed24210d1347c41efa2c1cdb783"},"breadcrumb":{"@id":"https:\/\/invictus-travel.com\/site\/convention-annuelle-a-palma-de-majorque\/#breadcrumb"},"inLanguage":"fr-FR","potentialAction":[{"@type":"ReadAction","target":["https:\/\/invictus-travel.com\/site\/convention-annuelle-a-palma-de-majorque\/"]}]},{"@type":"ImageObject","inLanguage":"fr-FR","@id":"https:\/\/invictus-travel.com\/site\/convention-annuelle-a-palma-de-majorque\/#primaryimage","url":"https:\/\/invictus-travel.com\/site\/wp-content\/uploads\/2024\/10\/2.jpg","contentUrl":"https:\/\/invictus-travel.com\/site\/wp-content\/uploads\/2024\/10\/2.jpg","width":1000,"height":640},{"@type":"BreadcrumbList","@id":"https:\/\/invictus-travel.com\/site\/convention-annuelle-a-palma-de-majorque\/#breadcrumb","itemListElement":[{"@type":"ListItem","position":1,"name":"Accueil","item":"https:\/\/invictus-travel.com\/site\/"},{"@type":"ListItem","position":2,"name":"Convention annuelle \u00e0 Palma de Majorque"}]},{"@type":"WebSite","@id":"https:\/\/invictus-travel.com\/site\/#website","url":"https:\/\/invictus-travel.com\/site\/","name":"Invictus Corporate Travel - Voyages incentive","description":"Des prestations \u00e0 la carte","potentialAction":[{"@type":"SearchAction","target":{"@type":"EntryPoint","urlTemplate":"https:\/\/invictus-travel.com\/site\/?s={search_term_string}"},"query-input":{"@type":"PropertyValueSpecification","valueRequired":true,"valueName":"search_term_string"}}],"inLanguage":"fr-FR"},{"@type":"Person","@id":"https:\/\/invictus-travel.com\/site\/#\/schema\/person\/7f2cfed24210d1347c41efa2c1cdb783","name":"KOx97Jes","image":{"@type":"ImageObject","inLanguage":"fr-FR","@id":"https:\/\/secure.gravatar.com\/avatar\/9b4cce41d2e9a67227cc474be6b7f1f60ef65b6b3e34002d3015efb7fd925073?s=96&d=mm&r=g","url":"https:\/\/secure.gravatar.com\/avatar\/9b4cce41d2e9a67227cc474be6b7f1f60ef65b6b3e34002d3015efb7fd925073?s=96&d=mm&r=g","contentUrl":"https:\/\/secure.gravatar.com\/avatar\/9b4cce41d2e9a67227cc474be6b7f1f60ef65b6b3e34002d3015efb7fd925073?s=96&d=mm&r=g","caption":"KOx97Jes"},"url":"https:\/\/invictus-travel.com\/site\/author\/kox97jes\/"}]}},"_links":{"self":[{"href":"https:\/\/invictus-travel.com\/site\/wp-json\/wp\/v2\/posts\/3428","targetHints":{"allow":["GET"]}}],"collection":[{"href":"https:\/\/invictus-travel.com\/site\/wp-json\/wp\/v2\/posts"}],"about":[{"href":"https:\/\/invictus-travel.com\/site\/wp-json\/wp\/v2\/types\/post"}],"author":[{"embeddable":true,"href":"https:\/\/invictus-travel.com\/site\/wp-json\/wp\/v2\/users\/2"}],"replies":[{"embeddable":true,"href":"https:\/\/invictus-travel.com\/site\/wp-json\/wp\/v2\/comments?post=3428"}],"version-history":[{"count":3,"href":"https:\/\/invictus-travel.com\/site\/wp-json\/wp\/v2\/posts\/3428\/revisions"}],"predecessor-version":[{"id":3438,"href":"https:\/\/invictus-travel.com\/site\/wp-json\/wp\/v2\/posts\/3428\/revisions\/3438"}],"wp:featuredmedia":[{"embeddable":true,"href":"https:\/\/invictus-travel.com\/site\/wp-json\/wp\/v2\/media\/3432"}],"wp:attachment":[{"href":"https:\/\/invictus-travel.com\/site\/wp-json\/wp\/v2\/media?parent=3428"}],"wp:term":[{"taxonomy":"category","embeddable":true,"href":"https:\/\/invictus-travel.com\/site\/wp-json\/wp\/v2\/categories?post=3428"},{"taxonomy":"post_tag","embeddable":true,"href":"https:\/\/invictus-travel.com\/site\/wp-json\/wp\/v2\/tags?post=3428"}],"curies":[{"name":"wp","href":"https:\/\/api.w.org\/{rel}","templated":true}]}}